[{"@context":"https:\/\/schema.org\/","@type":"Article","@id":"https:\/\/www.grafica.sk\/stylovy-domov-nie-je-to-nemozne\/#Article","mainEntityOfPage":"https:\/\/www.grafica.sk\/stylovy-domov-nie-je-to-nemozne\/","headline":"\u0160t\u00fdlov\u00fd domov? Nie je to nemo\u017en\u00e9!","name":"\u0160t\u00fdlov\u00fd domov? Nie je to nemo\u017en\u00e9!","description":"Ur\u010dite m\u00e1te aj vy, alebo ste od mali\u010dka mali aspo\u0148 nejak\u00fa pribli\u017en\u00fa predstavu o tom, ak osi predstavujete svoju bud\u00facnos\u0165 a domov, v ktorom by ste chceli v bud\u00facnosti b\u00fdva\u0165. V\u0161etci m\u00e1me svoj jedine\u010dn\u00fd \u0161t\u00fdl, niekoho \u0161t\u00fdl je n\u00e1padnej\u0161\u00ed, in\u00fdch zasa jemnej\u0161\u00ed, no v kone\u010dnom z\u00e1vere v\u0161etci svoj \u0161t\u00fdl nasledujeme a chceme ma\u0165 pod\u013ea neho [&hellip;]","datePublished":"2019-08-05","dateModified":"2023-04-26","author":{"@type":"Person","@id":"https:\/\/www.grafica.sk\/author\/#Person","name":"","url":"https:\/\/www.grafica.sk\/author\/","identifier":1,"image":{"@type":"ImageObject","@id":"https:\/\/secure.gravatar.com\/avatar\/f3f77307dfb7a1a6ad06d8ef95ed6ed296a0507575d3814dc8c8630c3a7fa477?s=96&d=mm&r=g","url":"https:\/\/secure.gravatar.com\/avatar\/f3f77307dfb7a1a6ad06d8ef95ed6ed296a0507575d3814dc8c8630c3a7fa477?s=96&d=mm&r=g","height":96,"width":96}},"publisher":{"@type":"Organization","name":"grafica.sk","logo":{"@type":"ImageObject","@id":"\/logo.png","url":"\/logo.png","width":600,"height":60}},"image":{"@type":"ImageObject","@id":"https:\/\/www.grafica.sk\/wp-content\/uploads\/img_a307860_w16577_t1572508432.jpg","url":"https:\/\/www.grafica.sk\/wp-content\/uploads\/img_a307860_w16577_t1572508432.jpg","height":0,"width":0},"url":"https:\/\/www.grafica.sk\/stylovy-domov-nie-je-to-nemozne\/","about":["V\u00fdrobky"],"wordCount":365,"articleBody":"          Ur\u010dite m\u00e1te aj vy, alebo ste od mali\u010dka mali aspo\u0148 nejak\u00fa pribli\u017en\u00fa predstavu o tom, ak osi predstavujete svoju bud\u00facnos\u0165 a domov, v ktorom by ste chceli v bud\u00facnosti b\u00fdva\u0165. V\u0161etci m\u00e1me svoj jedine\u010dn\u00fd \u0161t\u00fdl, niekoho \u0161t\u00fdl je n\u00e1padnej\u0161\u00ed, in\u00fdch zasa jemnej\u0161\u00ed, no v kone\u010dnom z\u00e1vere v\u0161etci svoj \u0161t\u00fdl nasledujeme a chceme ma\u0165 pod\u013ea neho zaraden\u00e9 svoje veci v \u017eivote.  Ob\u013eubujete aj vy modern\u00fd, minimalistick\u00fd a ve\u013emi estetick\u00fd \u0161t\u00fdl moderne zariaden\u00fdch budov dne\u0161nej doby? Ak \u00e1no, predstavte si, \u017ee dnes si m\u00f4\u017eete za neve\u013ek\u00e9 peniaze v takomto \u0161t\u00fdle zariadi\u0165 u\u017e aj v\u00e1\u0161 s\u00fakromn\u00fd domov. C\u00ed\u0165te sa vo svojom dome alebo byte, ako v niektorej z vysok\u00fdch, modern\u00fdch zariaden\u00ed, alebo ako v umeleckej gal\u00e9ri\u00ed postavenej na minimalizme a jednoduchosti. Na to teraz nepotrebujete a\u017e tak ve\u013ea prostriedkov, preto\u017ee modern\u00e1 architekt\u00fara sa samozrejme okam\u017eite odzrkadlila aj v dne\u0161nom, modernom zaria\u010fovan\u00ed domov. \u013dudia vyu\u017e\u00edvaj\u00fa prvky, ktor\u00e9 doteraz to\u013eko nevyu\u017e\u00edvali, zaria\u010fuj\u00fa si pr\u00edbytky viac do jednoduch\u00e9ho, minimalistick\u00e9ho a estetick\u00e9ho \u0161t\u00fdlu a sna\u017eia sa dosiahnu\u0165 harm\u00f3niu z jednoduchosti. Jedn\u00fdm z tak\u00fdchto prvkov, ktor\u00e9 sa kedysi a\u017e tak nevyu\u017e\u00edvali, ale v dne\u0161nej doby pri\u0161li na trh v plnej par\u00e1de je napr\u00edklad sklo. Sklo je materi\u00e1l, ktor\u00fd pozn\u00e1me ur\u010dite v\u0161etci a m\u00e1 v \u017eivote be\u017en\u00e9 vyu\u017e\u00edvanie pri t\u00fdch najr\u00f4znej\u0161\u00edch pr\u00edle\u017eitostiach. Aj ke\u010f sa vyu\u017e\u00edvanie skla v dom\u00e1cnosti ako napr\u00edklad z\u00e1bradlie, steny alebo https:\/\/lmmont.sk\/sklenene-realizacie\/sklenene-dvere\/sklenene-posuvne-dvere-3\/m\u00f4\u017ee zdra\u0165 trochu neprirodzen\u00e9 a extravagantn\u00e9, predstavuje tento materi\u00e1l ve\u013emi exkluz\u00edvny a l\u00e1kav\u00fd prvok, ktor\u00fd je schopn\u00fd zmeni\u0165 v\u00fdraz cel\u00e9ho v\u00e1\u0161ho domova na nerozpoznanie.Dajte preto svoju domovu nov\u00fd \u017eivot, preberte ho z dlh\u00e9ho sp\u00e1nku a vd\u00fdchnite mu trochu modernosti, novosti a ve\u013emi zauj\u00edmav\u00e9ho \u0161t\u00fdlu, kedy sa budete doma c\u00edti\u0165 skuto\u010dne v\u00fdnimo\u010dne.                                                                                                                                                                                                                                                                                                                                                                                           4\/5 - (8 votes)        "},{"@context":"https:\/\/schema.org\/","@type":"BreadcrumbList","itemListElement":[{"@type":"ListItem","position":1,"name":"\u0160t\u00fdlov\u00fd domov? Nie je to nemo\u017en\u00e9!","item":"https:\/\/www.grafica.sk\/stylovy-domov-nie-je-to-nemozne\/#breadcrumbitem"}]}]