[{"@context":"https:\/\/schema.org\/","@type":"Article","@id":"https:\/\/www.grafica.sk\/sklenene-dvere-nie-su-len-modny-trend-ale-maju-svoje-funkcne-opodstatnenie\/#Article","mainEntityOfPage":"https:\/\/www.grafica.sk\/sklenene-dvere-nie-su-len-modny-trend-ale-maju-svoje-funkcne-opodstatnenie\/","headline":"Sklenen\u00e9  dvere nie s\u00fa len m\u00f3dny trend, ale maj\u00fa svoje funk\u010dn\u00e9 opodstatnenie","name":"Sklenen\u00e9  dvere nie s\u00fa len m\u00f3dny trend, ale maj\u00fa svoje funk\u010dn\u00e9 opodstatnenie","description":"Dvere s\u00fa neodmyslite\u013enou s\u00fa\u010das\u0165ou interi\u00e9ru, \u010do maj\u00fa za \u00falohu optick\u00fdm ako aj funk\u010dn\u00fdm sp\u00f4sobom oddeli\u0165 miestnosti. Znie to jednoducho, ale tak\u00fdto princ\u00edp predstavuje ve\u013ea vari\u00e1ci\u00ed. V s\u00fa\u010dasnosti u\u017e toti\u017e nemus\u00edme vravie\u0165 len o umiestnen\u00ed oby\u010dajn\u00fdch dver\u00ed, \u010do p\u00f4sobia mohutne, zablokuj\u00fa pr\u00edsun denn\u00e9ho svetla a zaber\u00fa ve\u013ea miesta, ale popularite sa te\u0161\u00ed napr\u00edklad trend ako sklenen\u00e9 [&hellip;]","datePublished":"2020-06-21","dateModified":"2023-04-26","author":{"@type":"Person","@id":"https:\/\/www.grafica.sk\/author\/#Person","name":"","url":"https:\/\/www.grafica.sk\/author\/","identifier":1,"image":{"@type":"ImageObject","@id":"https:\/\/secure.gravatar.com\/avatar\/f3f77307dfb7a1a6ad06d8ef95ed6ed296a0507575d3814dc8c8630c3a7fa477?s=96&d=mm&r=g","url":"https:\/\/secure.gravatar.com\/avatar\/f3f77307dfb7a1a6ad06d8ef95ed6ed296a0507575d3814dc8c8630c3a7fa477?s=96&d=mm&r=g","height":96,"width":96}},"publisher":{"@type":"Organization","name":"grafica.sk","logo":{"@type":"ImageObject","@id":"\/logo.png","url":"\/logo.png","width":600,"height":60}},"image":{"@type":"ImageObject","@id":"https:\/\/www.grafica.sk\/wp-content\/uploads\/tri%20biele%20dvere.jpg","url":"https:\/\/www.grafica.sk\/wp-content\/uploads\/tri%20biele%20dvere.jpg","height":0,"width":0},"url":"https:\/\/www.grafica.sk\/sklenene-dvere-nie-su-len-modny-trend-ale-maju-svoje-funkcne-opodstatnenie\/","about":["V\u00fdrobky"],"wordCount":368,"articleBody":"           Dvere s\u00fa neodmyslite\u013enou s\u00fa\u010das\u0165ou interi\u00e9ru, \u010do maj\u00fa za \u00falohu optick\u00fdm ako aj funk\u010dn\u00fdm sp\u00f4sobom oddeli\u0165 miestnosti. Znie to jednoducho, ale tak\u00fdto princ\u00edp predstavuje ve\u013ea vari\u00e1ci\u00ed. V s\u00fa\u010dasnosti u\u017e toti\u017e nemus\u00edme vravie\u0165 len o umiestnen\u00ed oby\u010dajn\u00fdch dver\u00ed, \u010do p\u00f4sobia mohutne, zablokuj\u00fa pr\u00edsun denn\u00e9ho svetla a zaber\u00fa ve\u013ea miesta, ale popularite sa te\u0161\u00ed napr\u00edklad trend ako sklenen\u00e9 posuvn\u00e9 dvere, \u010do do priestorov prines\u00fa predsalen odli\u0161n\u00fd a vo viacer\u00fdch aspektoch atrakt\u00edvnej\u0161\u00ed efekt.  U\u017e len fakt, \u017ee s\u00fa vyroben\u00e9 zo skla napoved\u00e1, \u017ee jednozna\u010dne ide o estetick\u00e9 a modern\u00e9 dizajnov\u00e9 rie\u0161enie, \u010do ale so sebou prin\u00e1\u0161a aj in\u00e9 vizu\u00e1lne kvality, ne\u017e len atrakt\u00edvny dizajn. Toti\u017e vieme, \u017ee k origin\u00e1lnym vlastnostiam skla sa rad\u00ed jeho schopnos\u0165 prep\u00fa\u0161\u0165a\u0165 denn\u00e9 svetlo a t\u00fdm p\u00e1dom sa umiestnenie tak\u00e9hoto prvku postar\u00e1 o zdrav\u00e9 presvetlenie miestnost\u00ed. Elegantn\u00e9 sklo im navy\u0161e dod\u00e1 \u013eahkos\u0165 a pocit vzdu\u0161nosti. Miestnos\u0165 bude p\u00f4sobi\u0165 priestrannej\u0161ie v\u010faka tomu, \u017ee sklenen\u00fd materi\u00e1l opticky zv\u00e4\u010d\u0161uje priestory. Navy\u0161e prevedenie tak\u00fdchto dver\u00ed predstavuje \u0161t\u00fdlov\u00fd variant, ktor\u00fd je s\u00edce dostato\u010dne odoln\u00fd v\u010faka pou\u017eitiu kalen\u00e9ho \u010di tvrden\u00e9ho skla, ale tak\u00e9to dvere ur\u010dite nep\u00f4sobia mohutn\u00fdm dojmom, sk\u00f4r naopak. V\u00fdsledkom je efekt, kedy s\u00fa s\u00edce miestnosti vidite\u013ene rozdelen\u00e9 na po\u017eadovan\u00e9 \u010dasti, no aj napriek tomu akoby tvorili jeden funk\u010dn\u00fd celok. Orient\u00e1cia v takomto priestore je tak ve\u013emi preh\u013eadn\u00e1 a praktick\u00e1 pre v\u0161etk\u00fdch, \u010do dan\u00fd objekt ob\u00fdvaj\u00fa.  Fakt, \u017ee \u010das\u0165 interi\u00e9ru bude p\u00f4sobi\u0165 priestrannej\u0161\u00edm a v\u00e4\u010d\u0161\u00edm dojmom, nemus\u00ed by\u0165 len optickou il\u00faziou. Preto\u017ee ak si vyberieme typ sklenen\u00fdch dver\u00ed s posuvn\u00fdm otv\u00e1ran\u00edm, v skuto\u010dnosti \u0161etr\u00edme miestom. A to v\u010faka ich princ\u00edpu otv\u00e1rania, ktor\u00e9 spo\u010d\u00edva len v praktickom zasunut\u00ed kr\u00eddla dver\u00ed do strany. Nemusia sa otv\u00e1ra\u0165 typick\u00fdm sp\u00f4sobom, \u010do inak zaber\u00e1 zbyto\u010dne moc miesta, ktor\u00e9 sa d\u00e1 vyu\u017ei\u0165 napr. na umiestnenie dekora\u010dn\u00fdch prvkov.                                                                                                                                                                                                                                                                                                                                                                                           2.6\/5 - (5 votes)        "},{"@context":"https:\/\/schema.org\/","@type":"BreadcrumbList","itemListElement":[{"@type":"ListItem","position":1,"name":"Sklenen\u00e9  dvere nie s\u00fa len m\u00f3dny trend, ale maj\u00fa svoje funk\u010dn\u00e9 opodstatnenie","item":"https:\/\/www.grafica.sk\/sklenene-dvere-nie-su-len-modny-trend-ale-maju-svoje-funkcne-opodstatnenie\/#breadcrumbitem"}]}]