[{"@context":"https:\/\/schema.org\/","@type":"Article","@id":"https:\/\/www.grafica.sk\/marec-mesiac-knihy\/#Article","mainEntityOfPage":"https:\/\/www.grafica.sk\/marec-mesiac-knihy\/","headline":"Marec \u2013 mesiac knihy","name":"Marec \u2013 mesiac knihy","description":"Pr\u00e1ve to obdobie, ke\u010f sa za\u010d\u00edna objavova\u0165 slnie\u010dko asi nikto net\u00fa\u017ei by\u0165 zavret\u00fd doma a\u00a0\u010d\u00edta\u0165 knihy. Mo\u017eno iba zop\u00e1r knihomo\u013eov, ktor\u00fd si nevedia predstavi\u0165 ani t\u00fd\u017ede\u0148, \u010di mesiac bez pre\u010d\u00edtanej knihy. A\u00a0presne tak ako hovor\u00edm, \u017ee sa asi nikomu nechce v\u00a0tomto obdob\u00ed \u010d\u00edta\u0165 knihy, tak to aj je. Viete o\u00a0tom? Pr\u00e1ve preto vzniklo toto pomenovanie [&hellip;]","datePublished":"2025-03-02","dateModified":"2023-04-26","author":{"@type":"Person","@id":"https:\/\/www.grafica.sk\/author\/#Person","name":"","url":"https:\/\/www.grafica.sk\/author\/","identifier":1,"image":{"@type":"ImageObject","@id":"https:\/\/secure.gravatar.com\/avatar\/f3f77307dfb7a1a6ad06d8ef95ed6ed296a0507575d3814dc8c8630c3a7fa477?s=96&d=mm&r=g","url":"https:\/\/secure.gravatar.com\/avatar\/f3f77307dfb7a1a6ad06d8ef95ed6ed296a0507575d3814dc8c8630c3a7fa477?s=96&d=mm&r=g","height":96,"width":96}},"publisher":{"@type":"Organization","name":"grafica.sk","logo":{"@type":"ImageObject","@id":"\/logo.png","url":"\/logo.png","width":600,"height":60}},"image":{"@type":"ImageObject","@id":"https:\/\/www.grafica.sk\/wp-content\/uploads\/img_a285888_w16577_t1521126142.jpg","url":"https:\/\/www.grafica.sk\/wp-content\/uploads\/img_a285888_w16577_t1521126142.jpg","height":0,"width":0},"url":"https:\/\/www.grafica.sk\/marec-mesiac-knihy\/","about":["Business"],"wordCount":403,"articleBody":"Pr\u00e1ve to obdobie, ke\u010f sa za\u010d\u00edna objavova\u0165 slnie\u010dko asi nikto net\u00fa\u017ei by\u0165 zavret\u00fd doma a\u00a0\u010d\u00edta\u0165 knihy. Mo\u017eno iba zop\u00e1r knihomo\u013eov, ktor\u00fd si nevedia predstavi\u0165 ani t\u00fd\u017ede\u0148, \u010di mesiac bez pre\u010d\u00edtanej knihy. A\u00a0presne tak ako hovor\u00edm, \u017ee sa asi nikomu nechce v\u00a0tomto obdob\u00ed \u010d\u00edta\u0165 knihy, tak to aj je. Viete o\u00a0tom? Pr\u00e1ve preto vzniklo toto pomenovanie \u2013 Marec, mesiac knihy.KnihaKniha je v\u00fdborn\u00fd spolo\u010dn\u00edk na chv\u00edle samoty, na dlh\u00e9 cesty vlakom, na dlh\u00e9 rann\u00e9 z\u00e1pchy v\u00a0autobusoch. Ak kniha naozaj stoj\u00ed za to, \u010ditate\u013e ju pre\u010d\u00edta na jeden hlt. Ak sa z\u00a0nej m\u00e1 nie\u010do priu\u010di\u0165, rad\u0161ej si ju nech\u00e1va na dlh\u0161ie obdobie, aby to lep\u0161ie vedel a\u00a0pochopil. Knihy existuj\u00fa r\u00f4znych \u0161t\u00fdlov, \u017e\u00e1nrov a\u00a0ktohovie \u010doho v\u0161etk\u00e9ho. Dobr\u00e1 kniha nikdy nie je zl\u00e1 kniha. M\u00e1te t\u00fa svoju ob\u013e\u00faben\u00fa?\u00a0Hovor\u00ed sa, \u017ee ak ste \u010dlovek osta\u0165 vzdelan\u00fd a\u00a0\u017eiv\u00fd na duchu, mal by si svoje vedomosti pravidelne ozrejmova\u0165 alebo nadob\u00fada\u0165 nov\u00e9 vedomosti. Pr\u00e1ve na tento \u00fa\u010del s\u00fa v\u00fdborn\u00fdm pomocn\u00edkom pr\u00e1ve knihy, ktor\u00e9 m\u00f4\u017eu prispieva\u0165 k\u00a0zv\u00fd\u0161eniu vzdelanostnej \u00farovne dan\u00e9ho \u010dloveka. Tak\u017ee neznamen\u00e1, \u017ee knihy sa \u010d\u00edtaj\u00fa len vtedy, ke\u010f sa u\u010d\u00edte do \u0161koly, ale aj v\u00a0r\u00e1mci vlastn\u00e9ho vo\u013en\u00e9ho \u010dasu v\u00e1m to m\u00f4\u017eu spr\u00edjemni\u0165 \u010das.Ako to teda je naozaj? Predaje kn\u00edh po Vianociach e\u0161te \u00faplne neklesn\u00fa, preto\u017ee v\u00a0janu\u00e1ri si e\u0161te ktosi \u010dosi k\u00fapi. Aj vo febru\u00e1ri e\u0161te hej, je tam predsa Valent\u00edn, tak dobr\u00e1 kniha o\u00a0l\u00e1ske pote\u0161\u00ed. St\u00e1le m\u00e1me e\u0161te celkom dlh\u00e9 zimn\u00e9 ve\u010dery, tak si m\u00e1me kedy pre\u010d\u00edta\u0165 aj knihu. No potom nastane marec a\u00a0za\u010d\u00edna sa otep\u013eova\u0165, je dlh\u0161ie vidno a\u00a0\u013eudia prest\u00e1vaj\u00fa \u010d\u00edta\u0165 knihy. POZOR! Je tu marec, mesiac knihy, tak\u017ee neprest\u00e1vajte \u010d\u00edta\u0165 a\u00a0nakupova\u0165 knihy. Tento n\u00e1zov vymysleli obchodn\u00edci, preto\u017ee pr\u00e1ve v\u00a0marci mali najni\u017e\u0161ie tr\u017eby za knihy. Aby ich aspo\u0148 trochu zv\u00fd\u0161ili, vymysleli toto pomenovanie a\u00a0ujalo sa to a\u00a0pou\u017e\u00edva dodnes.Tak, \u010do podpor\u00edte tento sviatok-nesviatok, aj ke\u010f viete o\u00a0tomto nekalom \u00famysle, ktor\u00fd za t\u00fdm v\u0161etk\u00fdm stoj\u00ed?\u00a0                                                                                                                                                                                                                                                                                                                                                                                        4.3\/5 - (15 votes)        "},{"@context":"https:\/\/schema.org\/","@type":"BreadcrumbList","itemListElement":[{"@type":"ListItem","position":1,"name":"Marec \u2013 mesiac knihy","item":"https:\/\/www.grafica.sk\/marec-mesiac-knihy\/#breadcrumbitem"}]}]