[{"@context":"https:\/\/schema.org\/","@type":"Article","@id":"https:\/\/www.grafica.sk\/krasa-je-vzacna\/#Article","mainEntityOfPage":"https:\/\/www.grafica.sk\/krasa-je-vzacna\/","headline":"Kr\u00e1sa je vz\u00e1cna","name":"Kr\u00e1sa je vz\u00e1cna","description":"Kr\u00e1sa je ve\u013emi relat\u00edvny pojem, ale to je n\u00e1m v\u0161etk\u00fdm u\u017e d\u00e1vno zn\u00e1me a jasn\u00e9. Verte tomu, \u017ee nech rob\u00edte \u010doko\u013evek, skuto\u010dne sa na tom d\u00e1 st\u00e1le pracova\u0165. No je len na v\u00e1s, ako sa k tomu naozaj postav\u00edte a \u010do budete robi\u0165, aby ste boli aj na\u010falej kr\u00e1sna. \u017deny chc\u00fa by\u0165 \u010dasto kraj\u0161ie, ako [&hellip;]","datePublished":"2025-02-26","dateModified":"2023-04-26","author":{"@type":"Person","@id":"https:\/\/www.grafica.sk\/author\/#Person","name":"","url":"https:\/\/www.grafica.sk\/author\/","identifier":1,"image":{"@type":"ImageObject","@id":"https:\/\/secure.gravatar.com\/avatar\/f3f77307dfb7a1a6ad06d8ef95ed6ed296a0507575d3814dc8c8630c3a7fa477?s=96&d=mm&r=g","url":"https:\/\/secure.gravatar.com\/avatar\/f3f77307dfb7a1a6ad06d8ef95ed6ed296a0507575d3814dc8c8630c3a7fa477?s=96&d=mm&r=g","height":96,"width":96}},"publisher":{"@type":"Organization","name":"grafica.sk","logo":{"@type":"ImageObject","@id":"\/logo.png","url":"\/logo.png","width":600,"height":60}},"image":{"@type":"ImageObject","@id":"https:\/\/www.grafica.sk\/wp-content\/uploads\/img_a285136_w16577_t1519325206.jpg","url":"https:\/\/www.grafica.sk\/wp-content\/uploads\/img_a285136_w16577_t1519325206.jpg","height":0,"width":0},"url":"https:\/\/www.grafica.sk\/krasa-je-vzacna\/","about":["Kr\u00e1sa"],"wordCount":422,"articleBody":"Kr\u00e1sa je ve\u013emi relat\u00edvny pojem, ale to je n\u00e1m v\u0161etk\u00fdm u\u017e d\u00e1vno zn\u00e1me a jasn\u00e9. Verte tomu, \u017ee nech rob\u00edte \u010doko\u013evek, skuto\u010dne sa na tom d\u00e1 st\u00e1le pracova\u0165. No je len na v\u00e1s, ako sa k tomu naozaj postav\u00edte a \u010do budete robi\u0165, aby ste boli aj na\u010falej kr\u00e1sna. \u017deny chc\u00fa by\u0165 \u010dasto kraj\u0161ie, ako s\u00fa a \u010dasto svoju kr\u00e1su skuto\u010dne ve\u013emi podce\u0148uj\u00fa. Pre\u010do to robia, je mnoh\u00fdm \u013eu\u010fom naozaj nezn\u00e1me, no verte tomu, \u017ee aj kr\u00e1sa je pominute\u013en\u00e1. ke\u010f je \u010dlovek mlad\u00fd, mysl\u00ed si, \u017ee bude kr\u00e1sny neust\u00e1le a nestar\u00e1 sa o seba. \u017deny nepou\u017e\u00edvaj\u00fa kr\u00e9my na opa\u013eovania, spoliehaj\u00fa sa na to, \u017ee vr\u00e1sky sa ku nim nedostan\u00fa.\u00a0Ale vr\u00e1sky si sk\u00f4r \u010di nesk\u00f4r n\u00e1jdu naozaj ka\u017ed\u00e9ho. Netvrd\u00edme, \u017ee by ste mali od dvadsiatich pou\u017e\u00edva\u0165 kr\u00e9m proti vr\u00e1skam. Je d\u00f4le\u017eit\u00e9, aby ste mysleli aj na to, \u017ee pr\u00e1ve nadmern\u00e9 pou\u017e\u00edvanie kr\u00e9mov v\u00e1m m\u00f4\u017ee viac u\u0161kodi\u0165, ako pom\u00f4c\u0165. Napriek tomu sa m\u00f4\u017ee sta\u0165, \u017ee ich pou\u017e\u00edvanie zanedb\u00e1te, a potom to teda nebude \u017eiadna sl\u00e1va, t\u00fdm si m\u00f4\u017eete by\u0165 ist\u00fd. \u010co sa t\u00fdka va\u0161ich vlasov, je to taktie\u017e len o starostlivosti. Ak si od p\u00e4tn\u00e1stich va\u0161e vlasy farb\u00edte, verte tomu, \u017ee o ne pr\u00eddete ove\u013ea sk\u00f4r, ako si mysl\u00edte. Ke\u010f sa o ne poriadne nestar\u00e1te, tak u\u017e v p\u00e4\u0165desiatke budete ma\u0165 naozaj ve\u013ek\u00e9 probl\u00e9my.\u00a0Chcete sa im vyhn\u00fa\u0165? Tak pou\u017e\u00edvajte balzamy a chodievajte pravidelne na strihanie. Va\u0161e vlasy s\u00fa pod ve\u013ek\u00fdm tlakom, tak\u017ee ur\u010dite myslite aj na to, \u017ee by ste im raz za \u010das mali da\u0165 pauzu od pou\u017e\u00edvanie f\u00e9nu, \u017eehli\u010dky a aj kulmy. Nechajte ich d\u00fdcha\u0165 a doprajte im starostlivos\u0165, ak\u00fa si naozaj zasl\u00fa\u017eia. Uvid\u00edte, \u017ee to v\u0161etko p\u00f4jde aj bez toho. Verte tomu, \u017ee je to naozaj tak. Nenechajte sa zmias\u0165 a nenechajte si radi\u0165 od niekoho, kto m\u00e1 vlasy odmali\u010dka \u00fa\u017easn\u00e9 a nemus\u00ed na ne pou\u017e\u00edva\u0165 v\u00f4bec ni\u010d. O svoju kr\u00e1su sa mus\u00edte stara\u0165 v ka\u017edom veku. Nepodce\u0148ujte to, uvid\u00edte, \u017ee budete ove\u013ea spokojnej\u0161\u00ed, ako keby ste sa zamerali na in\u00e9 veci.                                                                                                                                                                                                                                                                                                                                                                                        4\/5 - (9 votes)        "},{"@context":"https:\/\/schema.org\/","@type":"BreadcrumbList","itemListElement":[{"@type":"ListItem","position":1,"name":"Kr\u00e1sa je vz\u00e1cna","item":"https:\/\/www.grafica.sk\/krasa-je-vzacna\/#breadcrumbitem"}]}]