[{"@context":"https:\/\/schema.org\/","@type":"Article","@id":"https:\/\/www.grafica.sk\/aki-sme-my\/#Article","mainEntityOfPage":"https:\/\/www.grafica.sk\/aki-sme-my\/","headline":"Ak\u00ed sme my?","name":"Ak\u00ed sme my?","description":"Polo\u017eili ste si niekedy ot\u00e1zku, ak\u00fd sme my vlastne kult\u00farny n\u00e1rod? Pre Slov\u00e1kov je prirodzen\u00e9, \u017ee sami seba pr\u00edli\u0161 nerozoberaj\u00fa. Ale ak\u00e9 s\u00fa na\u0161e hlavn\u00e9 znaky, ktor\u00e9 n\u00e1s dokonale vystihuj\u00fa? \u010co je pre n\u00e1s typick\u00e9? V\u00a0porovnan\u00ed s\u00a0in\u00fdmi kult\u00farami sme naozaj niekde celkom inde, ale nemus\u00ed to by\u0165 len v\u00a0negat\u00edvnom slova zmysle. Predsa len, do ve\u013ekej [&hellip;]","datePublished":"2018-01-14","dateModified":"2023-04-26","author":{"@type":"Person","@id":"https:\/\/www.grafica.sk\/author\/#Person","name":"","url":"https:\/\/www.grafica.sk\/author\/","identifier":1,"image":{"@type":"ImageObject","@id":"https:\/\/secure.gravatar.com\/avatar\/f3f77307dfb7a1a6ad06d8ef95ed6ed296a0507575d3814dc8c8630c3a7fa477?s=96&d=mm&r=g","url":"https:\/\/secure.gravatar.com\/avatar\/f3f77307dfb7a1a6ad06d8ef95ed6ed296a0507575d3814dc8c8630c3a7fa477?s=96&d=mm&r=g","height":96,"width":96}},"publisher":{"@type":"Organization","name":"grafica.sk","logo":{"@type":"ImageObject","@id":"\/logo.png","url":"\/logo.png","width":600,"height":60}},"image":{"@type":"ImageObject","@id":"https:\/\/www.grafica.sk\/wp-content\/uploads\/img_a285847_w16475_t1521049131.jpg","url":"https:\/\/www.grafica.sk\/wp-content\/uploads\/img_a285847_w16475_t1521049131.jpg","height":0,"width":0},"url":"https:\/\/www.grafica.sk\/aki-sme-my\/","wordCount":402,"articleBody":"Polo\u017eili ste si niekedy ot\u00e1zku, ak\u00fd sme my vlastne kult\u00farny n\u00e1rod? Pre Slov\u00e1kov je prirodzen\u00e9, \u017ee sami seba pr\u00edli\u0161 nerozoberaj\u00fa. Ale ak\u00e9 s\u00fa na\u0161e hlavn\u00e9 znaky, ktor\u00e9 n\u00e1s dokonale vystihuj\u00fa? \u010co je pre n\u00e1s typick\u00e9? V\u00a0porovnan\u00ed s\u00a0in\u00fdmi kult\u00farami sme naozaj niekde celkom inde, ale nemus\u00ed to by\u0165 len v\u00a0negat\u00edvnom slova zmysle. Predsa len, do ve\u013ekej miery n\u00e1s ovplyv\u0148uje na\u0161a minulos\u0165 a\u00a0hist\u00f3ria a\u00a0t\u00fa len tak zo d\u0148a na de\u0148 nedok\u00e1\u017eeme zmeni\u0165 len preto, lebo sa s\u00a0\u0148ou nestoto\u017e\u0148ujeme. Ist\u00e9 je, \u017ee na\u0161a hist\u00f3ria z\u00a0n\u00e1s urobila \u013eud\u00ed, ak\u00fdmi sme teraz. A\u00a0je naozaj zvl\u00e1\u0161tne, ako sa v\u00a0n\u00e1s ist\u00e9 povahov\u00e9 \u010drty zachovali len preto, \u017ee ich jednoducho m\u00e1me v\u00a0sebe.Je to len o\u00a0bryndzov\u00fdch halu\u0161k\u00e1ch a\u00a0pit\u00ed alkoholu?Aj ke\u010f sme n\u00e1rod, v\u00a0ktorom sa alkohol pije naozaj vo ve\u013ekom, nie je to a\u017e tak\u00fd ve\u013emi probl\u00e9m. Taktie\u017e je vo v\u0161etk\u00fdch zachovan\u00e9, \u017ee na\u0161im n\u00e1rodn\u00fdm jedlom s\u00fa bryndzov\u00e9 halu\u0161ky. S\u00a0t\u00fdm sa v\u0161ak u\u017e viacer\u00ed z\u00a0n\u00e1s teda stoto\u017eni\u0165 naozaj vedia, nemysl\u00edte? Ke\u010f sa v\u0161ak pozrieme na na\u0161e povahov\u00e9 \u010drty, mus\u00edme poveda\u0165, \u017ee sa ve\u013emi odli\u0161ujeme u\u017e od na\u0161ich susedov a\u00a0bratov \u010cechov. Napriek tomu, \u017ee sme ve\u013emi podobn\u00e9 n\u00e1rody, na rozdiel od nich sme omnoho konzervat\u00edvnej\u0161\u00ed, no na druhej strane aj ve\u013emi nedisciplinovan\u00ed.\t\t\tSmie\u0161ne realityshow a\u00a0smutn\u00e9 tv\u00e1re\tKe\u010f si pre\u010d\u00edtate nejak\u00e9 \u010dl\u00e1nky o\u00a0Slov\u00e1koch, v\u00e4\u010d\u0161inou sa do\u010d\u00edtate hlavne to, \u017ee sa m\u00e1lo usmievame a\u00a0\u017ee sme podozrievav\u00ed. Nikdy sa nestretnete s\u00a0t\u00fdm, \u017ee by sa s\u00a0vami cudz\u00ed \u010dlovek za\u010dal len tak na ulici rozpr\u00e1va\u0165 a\u00a0ke\u010f aj za\u010dne, je ve\u013emi pravdepodobn\u00e9, \u017ee si o\u00a0\u0148om nebudete myslie\u0165 ni\u010d pozit\u00edvne. Napriek tomu, \u017ee to nemus\u00ed by\u0165 zvl\u00e1\u0161tny \u010dlovek. V\u00a0zahrani\u010d\u00ed tieto small talk pova\u017euj\u00fa za \u00faplne norm\u00e1lne a\u00a0be\u017ene sa st\u00e1va, \u017ee sa dvaja cudz\u00ed \u013eudia spolu rozpr\u00e1vaj\u00fa. Asi by sme mali by\u0165 viac otvoren\u00ed, predsa len, na turistov to bude p\u00f4sobi\u0165 ur\u010dite ove\u013ea lep\u0161ie. Nemysl\u00edte si, \u017ee je to skuto\u010dne tak?                                                                                                                                                                                                                                                                                                                                                                                        4.1\/5 - (12 votes)        "},{"@context":"https:\/\/schema.org\/","@type":"BreadcrumbList","itemListElement":[{"@type":"ListItem","position":1,"name":"Ak\u00ed sme my?","item":"https:\/\/www.grafica.sk\/aki-sme-my\/#breadcrumbitem"}]}]